{"id":180,"date":"2018-08-10T08:19:02","date_gmt":"2018-08-10T08:19:02","guid":{"rendered":"http:\/\/ssc-weissenstein.ch\/?p=180"},"modified":"2018-08-16T17:43:14","modified_gmt":"2018-08-16T17:43:14","slug":"jubilaeumsessen-50-jahre-ssc-weissenstein","status":"publish","type":"post","link":"https:\/\/ssc-weissenstein.ch\/index.php\/2018\/08\/10\/jubilaeumsessen-50-jahre-ssc-weissenstein\/","title":{"rendered":"Jubil\u00e4umsessen 50 Jahre SSC Weissenstein"},"content":{"rendered":"<p>Liebe Mitglieder des SSC Weissenstein<\/p>\n<p>Der Schneesportclub Weissenstein wird in diesem Jahr 50 Jahre \u2013 das soll gefeiert werden! Der Vorstand l\u00e4dt aus diesem Grund zu einem Jubil\u00e4umsessen auf dem Weissenstein ein.<\/p>\n<p>Wir werden uns am Freitag, 31. August um 18:15 beim Parkplatz der Seilbahn Weissenstein treffen. Anschliessend verschieben wir gemeinsam zum Sennhaus, wo wir einen Ap\u00e9ro und ein Nachtessen geniessen werden. Bei Mondschein laufen wir schliesslich auf der Strasse wieder zur\u00fcck nach Oberdorf. Zu diesem Zweck w\u00e4re eine Taschen- oder Stirnlampe sinnvoll.<\/p>\n<p>F\u00fcr alle, die nicht in der Lage sind zu Fuss nach Oberdorf zur\u00fcckzukehren, ist ein kleiner Bus organisiert. Bitte melden Sie sich auch daf\u00fcr entsprechend an.<\/p>\n<table>\n<tbody>\n<tr>\n<td>Datum:<\/td>\n<td>31. August 2018<\/td>\n<\/tr>\n<tr>\n<td>Treffpunkt:<\/td>\n<td>18:15 Uhr Parkplatz Seilbahn Weissenstein<\/td>\n<\/tr>\n<tr>\n<td>Mitnehmen:<\/td>\n<td>Gutes Schuhwerk, Taschen- oder Stirnlampe<\/td>\n<\/tr>\n<tr>\n<td>Anmeldung:<\/td>\n<td><a href=\"http:\/\/ssc-weissenstein.ch\/?p=182\">Onlineformular<\/a><\/td>\n<\/tr>\n<tr>\n<td>Anmeldefrist:<\/td>\n<td>Sonntag, 26. August 2018<\/td>\n<\/tr>\n<\/tbody>\n<\/table>\n<p>Der Vorstand freut sich auf zahlreiche Anmeldungen und ein gem\u00fctliches Beisammensein!<\/p>\n<p>Mit freundlichen Gr\u00fcssen<\/p>\n<p>Lia Kiener<br \/>\nPr\u00e4sidentin SSC Weissenstein<\/p>\n","protected":false},"excerpt":{"rendered":"<p>Liebe Mitglieder des SSC Weissenstein Der Schneesportclub Weissenstein wird in diesem Jahr 50 Jahre \u2013 das soll gefeiert werden! Der Vorstand l\u00e4dt aus diesem Grund zu einem Jubil\u00e4umsessen auf dem Weissenstein ein. Wir werden uns am Freitag, 31. August um 18:15 beim Parkplatz der Seilbahn Weissenstein treffen. Anschliessend verschieben wir gemeinsam zum Sennhaus, wo wir &hellip; <\/p>\n<p class=\"link-more\"><a href=\"https:\/\/ssc-weissenstein.ch\/index.php\/2018\/08\/10\/jubilaeumsessen-50-jahre-ssc-weissenstein\/\" class=\"more-link\"><span class=\"screen-reader-text\">\u201eJubil\u00e4umsessen 50 Jahre SSC Weissenstein\u201c <\/span>weiterlesen<\/a><\/p>\n","protected":false},"author":1,"featured_media":0,"comment_status":"closed","ping_status":"open","sticky":false,"template":"","format":"standard","meta":{"footnotes":""},"categories":[5],"tags":[],"class_list":["post-180","post","type-post","status-publish","format-standard","hentry","category-verein"],"_links":{"self":[{"href":"https:\/\/ssc-weissenstein.ch\/index.php\/wp-json\/wp\/v2\/posts\/180","targetHints":{"allow":["GET"]}}],"collection":[{"href":"https:\/\/ssc-weissenstein.ch\/index.php\/wp-json\/wp\/v2\/posts"}],"about":[{"href":"https:\/\/ssc-weissenstein.ch\/index.php\/wp-json\/wp\/v2\/types\/post"}],"author":[{"embeddable":true,"href":"https:\/\/ssc-weissenstein.ch\/index.php\/wp-json\/wp\/v2\/users\/1"}],"replies":[{"embeddable":true,"href":"https:\/\/ssc-weissenstein.ch\/index.php\/wp-json\/wp\/v2\/comments?post=180"}],"version-history":[{"count":2,"href":"https:\/\/ssc-weissenstein.ch\/index.php\/wp-json\/wp\/v2\/posts\/180\/revisions"}],"predecessor-version":[{"id":184,"href":"https:\/\/ssc-weissenstein.ch\/index.php\/wp-json\/wp\/v2\/posts\/180\/revisions\/184"}],"wp:attachment":[{"href":"https:\/\/ssc-weissenstein.ch\/index.php\/wp-json\/wp\/v2\/media?parent=180"}],"wp:term":[{"taxonomy":"category","embeddable":true,"href":"https:\/\/ssc-weissenstein.ch\/index.php\/wp-json\/wp\/v2\/categories?post=180"},{"taxonomy":"post_tag","embeddable":true,"href":"https:\/\/ssc-weissenstein.ch\/index.php\/wp-json\/wp\/v2\/tags?post=180"}],"curies":[{"name":"wp","href":"https:\/\/api.w.org\/{rel}","templated":true}]}}