{"id":217,"date":"2018-09-14T17:19:46","date_gmt":"2018-09-14T17:19:46","guid":{"rendered":"http:\/\/ssc-weissenstein.ch\/?p=217"},"modified":"2018-09-14T17:19:46","modified_gmt":"2018-09-14T17:19:46","slug":"jo-sommerbraeteln","status":"publish","type":"post","link":"https:\/\/ssc-weissenstein.ch\/index.php\/2018\/09\/14\/jo-sommerbraeteln\/","title":{"rendered":"JO Sommerbr\u00e4teln"},"content":{"rendered":"<p>Zum zweiten Mal in Folge fand Ende August das Vereinsbr\u00e4teln statt. Der Wetterbericht lies die Organisatoren etwas zweifeln und die Durchf\u00fchrung stand bis zur letzten Sekunde auf der Kippe. Gl\u00fccklicherweise war das Wetter schliesslich viel besser als gemeldet, was alle Anwesenden freute. Auch das Feuerverbot, welches immer noch im ganzen Kanton herrscht konnte mit einem mitgebrachten Gasgrill von Peter umgangen werden. \u2013 Danke noch einmal!<\/p>\n<p>Um ca. 18:00 Uhr versammelten sich rund 30 JO-Kinder beim Tunneli in Oberdorf. Ziel der Veranstaltung war es, dass auch die Eltern einmal die Leiter in einem etwas anderen Rahmen kennenlernen konnten \u2013 was auch wunderbar klappte. Der lange Tisch wurde nach und nach mit verschiedenen Salaten, Z\u00fcpfe und anderen feinen Sachen gef\u00fcllt. Wie auch im letzten Jahr stellte der SSCW die Getr\u00e4nke den Anwesenden zur Verf\u00fcgung, alles andere wurde herumgereicht und geteilt.<\/p>\n<p>Die Atmosph\u00e4re war sehr entspannt und locker, es gab viele lustige Gespr\u00e4che. Einige hartn\u00e4ckige Clubmitglieder trotzten der K\u00e4lte bis sp\u00e4t in die Nacht hinein und sorgten daf\u00fcr, dass es bei den Getr\u00e4nken keine Resten mehr gab. ?<\/p>\n<p>Es w\u00e4re sch\u00f6n, wenn der zweite Freitag nach den grossen Sommerferien zu einem fixen Datum im SSCW-Kalender wird. Wir freuen uns deshalb schon jetzt, im n\u00e4chsten Jahr noch mehr SSCW-Kinder mit deren Eltern begr\u00fcssen zu d\u00fcrfen. Alle Anwesenden waren mit Freude dabei und auch die Organisatoren waren rundum zufrieden. Merci noch einmal Lina und Max!<\/p>\n<p>Lia Kiener<br \/>\nPr\u00e4sidentin SSC Weissenstein<\/p>\n","protected":false},"excerpt":{"rendered":"<p>Zum zweiten Mal in Folge fand Ende August das Vereinsbr\u00e4teln statt. Der Wetterbericht lies die Organisatoren etwas zweifeln und die Durchf\u00fchrung stand bis zur letzten Sekunde auf der Kippe. Gl\u00fccklicherweise war das Wetter schliesslich viel besser als gemeldet, was alle Anwesenden freute. Auch das Feuerverbot, welches immer noch im ganzen Kanton herrscht konnte mit einem &hellip; <\/p>\n<p class=\"link-more\"><a href=\"https:\/\/ssc-weissenstein.ch\/index.php\/2018\/09\/14\/jo-sommerbraeteln\/\" class=\"more-link\"><span class=\"screen-reader-text\">\u201eJO Sommerbr\u00e4teln\u201c <\/span>weiterlesen<\/a><\/p>\n","protected":false},"author":1,"featured_media":0,"comment_status":"closed","ping_status":"open","sticky":false,"template":"","format":"standard","meta":{"footnotes":""},"categories":[4],"tags":[],"class_list":["post-217","post","type-post","status-publish","format-standard","hentry","category-jo"],"_links":{"self":[{"href":"https:\/\/ssc-weissenstein.ch\/index.php\/wp-json\/wp\/v2\/posts\/217","targetHints":{"allow":["GET"]}}],"collection":[{"href":"https:\/\/ssc-weissenstein.ch\/index.php\/wp-json\/wp\/v2\/posts"}],"about":[{"href":"https:\/\/ssc-weissenstein.ch\/index.php\/wp-json\/wp\/v2\/types\/post"}],"author":[{"embeddable":true,"href":"https:\/\/ssc-weissenstein.ch\/index.php\/wp-json\/wp\/v2\/users\/1"}],"replies":[{"embeddable":true,"href":"https:\/\/ssc-weissenstein.ch\/index.php\/wp-json\/wp\/v2\/comments?post=217"}],"version-history":[{"count":1,"href":"https:\/\/ssc-weissenstein.ch\/index.php\/wp-json\/wp\/v2\/posts\/217\/revisions"}],"predecessor-version":[{"id":218,"href":"https:\/\/ssc-weissenstein.ch\/index.php\/wp-json\/wp\/v2\/posts\/217\/revisions\/218"}],"wp:attachment":[{"href":"https:\/\/ssc-weissenstein.ch\/index.php\/wp-json\/wp\/v2\/media?parent=217"}],"wp:term":[{"taxonomy":"category","embeddable":true,"href":"https:\/\/ssc-weissenstein.ch\/index.php\/wp-json\/wp\/v2\/categories?post=217"},{"taxonomy":"post_tag","embeddable":true,"href":"https:\/\/ssc-weissenstein.ch\/index.php\/wp-json\/wp\/v2\/tags?post=217"}],"curies":[{"name":"wp","href":"https:\/\/api.w.org\/{rel}","templated":true}]}}