{"id":240,"date":"2019-03-02T11:12:54","date_gmt":"2019-03-02T11:12:54","guid":{"rendered":"http:\/\/ssc-weissenstein.ch\/?p=240"},"modified":"2019-03-05T18:58:02","modified_gmt":"2019-03-05T18:58:02","slug":"sscw-skitag-am-23-maerz","status":"publish","type":"post","link":"https:\/\/ssc-weissenstein.ch\/index.php\/2019\/03\/02\/sscw-skitag-am-23-maerz\/","title":{"rendered":"SSCW Skitag am 24. M\u00e4rz"},"content":{"rendered":"\n<p><strong>Elsigenalp 2019<\/strong><\/p>\n\n\n\n<p>Nachdem der Schneetag letztes Jahr leider nicht stattgefunden hat, d\u00fcrfen wir euch dieses Jahr wieder zu einem sch\u00f6nen Tag im Schnee einladen. F\u00fcr uns und die JO Kinder wird von den  motivierten JO Leitern ein Tag im Schnee in einem Skigebiet in unserer N\u00e4he organisiert. Wir freuen uns, viele von euch beim gemeinsamen Skifahren zu sehen!<\/p>\n\n\n\n<p>Zum Mittagessen suchen wir uns gemeinsam ein sch\u00f6nes Pl\u00e4tzchen. Nehmt also einen guten Lunch f\u00fcr euch mit! An den Liften hat es jeweils eine kleine Gelegenheit um den Rucksack tags\u00fcber aufzuh\u00e4ngen (ohne Haftung).<\/p>\n\n\n\n<p>Die Anreise erfolgt dieses Jahr mit Privatautos. Wir geben uns M\u00fche, m\u00f6glichst viele freie Pl\u00e4tze bieten zu k\u00f6nnen. Falls Ihr mit einem eigenen Auto anreisen k\u00f6nnt, w\u00e4ren wir froh wenn ihr euch bei der Anmeldung eintragt.<\/p>\n\n\n\n<table class=\"wp-block-table\"><tbody><tr><td>Skigebiet<\/td><td>Elsigenalp<\/td><\/tr><tr><td>Treffpunkt<\/td><td>7:00 Uhr, Volg Oberdorf<\/td><\/tr><tr><td>Abfahrt<\/td><td>7:15 Uhr<\/td><\/tr><tr><td>Kosten<\/td><td>Kinder (6-15 Jahre): Fr. 10.-<br>Jugendliche (16-19 Jahre): Fr. 20.-<br>Erwachsene (ab 20 Jahren): Fr. 25.-<\/td><\/tr><tr><td>Anmeldung<\/td><td><a href=\"https:\/\/goo.gl\/forms\/sFXcZEz7ci3BbuUu1\">online<\/a><\/td><\/tr><tr><td> Anmeldeschluss <\/td><td>17. M\u00e4rz 2019 <\/td><\/tr><\/tbody><\/table>\n\n\n\n<p><\/p>\n","protected":false},"excerpt":{"rendered":"<p>Elsigenalp 2019 Nachdem der Schneetag letztes Jahr leider nicht stattgefunden hat, d\u00fcrfen wir euch dieses Jahr wieder zu einem sch\u00f6nen Tag im Schnee einladen. F\u00fcr uns und die JO Kinder wird von den motivierten JO Leitern ein Tag im Schnee in einem Skigebiet in unserer N\u00e4he organisiert. Wir freuen uns, viele von euch beim gemeinsamen &hellip; <\/p>\n<p class=\"link-more\"><a href=\"https:\/\/ssc-weissenstein.ch\/index.php\/2019\/03\/02\/sscw-skitag-am-23-maerz\/\" class=\"more-link\"><span class=\"screen-reader-text\">\u201eSSCW Skitag am 24. M\u00e4rz\u201c <\/span>weiterlesen<\/a><\/p>\n","protected":false},"author":1,"featured_media":126,"comment_status":"closed","ping_status":"open","sticky":false,"template":"","format":"standard","meta":{"footnotes":""},"categories":[4,5],"tags":[],"class_list":["post-240","post","type-post","status-publish","format-standard","has-post-thumbnail","hentry","category-jo","category-verein"],"_links":{"self":[{"href":"https:\/\/ssc-weissenstein.ch\/index.php\/wp-json\/wp\/v2\/posts\/240","targetHints":{"allow":["GET"]}}],"collection":[{"href":"https:\/\/ssc-weissenstein.ch\/index.php\/wp-json\/wp\/v2\/posts"}],"about":[{"href":"https:\/\/ssc-weissenstein.ch\/index.php\/wp-json\/wp\/v2\/types\/post"}],"author":[{"embeddable":true,"href":"https:\/\/ssc-weissenstein.ch\/index.php\/wp-json\/wp\/v2\/users\/1"}],"replies":[{"embeddable":true,"href":"https:\/\/ssc-weissenstein.ch\/index.php\/wp-json\/wp\/v2\/comments?post=240"}],"version-history":[{"count":6,"href":"https:\/\/ssc-weissenstein.ch\/index.php\/wp-json\/wp\/v2\/posts\/240\/revisions"}],"predecessor-version":[{"id":247,"href":"https:\/\/ssc-weissenstein.ch\/index.php\/wp-json\/wp\/v2\/posts\/240\/revisions\/247"}],"wp:featuredmedia":[{"embeddable":true,"href":"https:\/\/ssc-weissenstein.ch\/index.php\/wp-json\/wp\/v2\/media\/126"}],"wp:attachment":[{"href":"https:\/\/ssc-weissenstein.ch\/index.php\/wp-json\/wp\/v2\/media?parent=240"}],"wp:term":[{"taxonomy":"category","embeddable":true,"href":"https:\/\/ssc-weissenstein.ch\/index.php\/wp-json\/wp\/v2\/categories?post=240"},{"taxonomy":"post_tag","embeddable":true,"href":"https:\/\/ssc-weissenstein.ch\/index.php\/wp-json\/wp\/v2\/tags?post=240"}],"curies":[{"name":"wp","href":"https:\/\/api.w.org\/{rel}","templated":true}]}}