{"id":307,"date":"2021-10-25T19:36:28","date_gmt":"2021-10-25T19:36:28","guid":{"rendered":"https:\/\/ssc-weissenstein.ch\/?p=307"},"modified":"2021-10-25T19:36:28","modified_gmt":"2021-10-25T19:36:28","slug":"skilager-2021","status":"publish","type":"post","link":"https:\/\/ssc-weissenstein.ch\/index.php\/2021\/10\/25\/skilager-2021\/","title":{"rendered":"Skilager 2021"},"content":{"rendered":"\n<p>Endlich ist es wieder so weit. Nach der letztj\u00e4hrigen unfreiwilligen Pause k\u00f6nnen wir dieses Jahr unsere Tradition fortf\u00fchren. Vom <strong>26.12.21 \u2013 31.12.21<\/strong> werden wir in der Fideriser Heuberge im Berghaus Arflina verweilen. Das Skilager ist f\u00fcr alle Kinder und Jugendlichen zwischen 9 und 18 Jahren gedacht. Das Niveau spielt absolut keine Rolle. Die Anmeldung und die dazugeh\u00f6rigen Infos findest du hier.<\/p>\n\n\n\n<div class=\"wp-block-file\"><a href=\"https:\/\/ssc-weissenstein.ch\/wp-content\/uploads\/2021\/10\/Anmeldung-Skilager-2021-1.pdf\">Anmeldung-Skilager-2021-1<\/a><a href=\"https:\/\/ssc-weissenstein.ch\/wp-content\/uploads\/2021\/10\/Anmeldung-Skilager-2021-1.pdf\" class=\"wp-block-file__button\" download>Herunterladen<\/a><\/div>\n\n\n\n<p><strong>Wichtig:<\/strong> Am <strong>28.10.2021<\/strong> findet um <strong>18:00 Uhr<\/strong> in der <strong>Turnhalle Oberdorf<\/strong> eine Infoveranstaltung statt. Alle die uns vorab kennenlernen wollen oder offene Fragen haben sind herzlich eingeladen! (<strong>Zertifikatspflicht<\/strong>)<\/p>\n\n\n\n<p>Falls du am Infoabend verhindert bist oder trotzdem noch Fragen hast, kannst du dich gerne bei Lauro Baumann melden: laurobume@gmail.com<\/p>\n","protected":false},"excerpt":{"rendered":"<p>Endlich ist es wieder so weit. Nach der letztj\u00e4hrigen unfreiwilligen Pause k\u00f6nnen wir dieses Jahr unsere Tradition fortf\u00fchren. Vom 26.12.21 \u2013 31.12.21 werden wir in der Fideriser Heuberge im Berghaus Arflina verweilen. Das Skilager ist f\u00fcr alle Kinder und Jugendlichen zwischen 9 und 18 Jahren gedacht. Das Niveau spielt absolut keine Rolle. Die Anmeldung und &hellip; <\/p>\n<p class=\"link-more\"><a href=\"https:\/\/ssc-weissenstein.ch\/index.php\/2021\/10\/25\/skilager-2021\/\" class=\"more-link\"><span class=\"screen-reader-text\">\u201eSkilager 2021\u201c <\/span>weiterlesen<\/a><\/p>\n","protected":false},"author":1,"featured_media":0,"comment_status":"closed","ping_status":"open","sticky":false,"template":"","format":"standard","meta":{"footnotes":""},"categories":[1],"tags":[],"class_list":["post-307","post","type-post","status-publish","format-standard","hentry","category-uncategorized"],"_links":{"self":[{"href":"https:\/\/ssc-weissenstein.ch\/index.php\/wp-json\/wp\/v2\/posts\/307","targetHints":{"allow":["GET"]}}],"collection":[{"href":"https:\/\/ssc-weissenstein.ch\/index.php\/wp-json\/wp\/v2\/posts"}],"about":[{"href":"https:\/\/ssc-weissenstein.ch\/index.php\/wp-json\/wp\/v2\/types\/post"}],"author":[{"embeddable":true,"href":"https:\/\/ssc-weissenstein.ch\/index.php\/wp-json\/wp\/v2\/users\/1"}],"replies":[{"embeddable":true,"href":"https:\/\/ssc-weissenstein.ch\/index.php\/wp-json\/wp\/v2\/comments?post=307"}],"version-history":[{"count":1,"href":"https:\/\/ssc-weissenstein.ch\/index.php\/wp-json\/wp\/v2\/posts\/307\/revisions"}],"predecessor-version":[{"id":309,"href":"https:\/\/ssc-weissenstein.ch\/index.php\/wp-json\/wp\/v2\/posts\/307\/revisions\/309"}],"wp:attachment":[{"href":"https:\/\/ssc-weissenstein.ch\/index.php\/wp-json\/wp\/v2\/media?parent=307"}],"wp:term":[{"taxonomy":"category","embeddable":true,"href":"https:\/\/ssc-weissenstein.ch\/index.php\/wp-json\/wp\/v2\/categories?post=307"},{"taxonomy":"post_tag","embeddable":true,"href":"https:\/\/ssc-weissenstein.ch\/index.php\/wp-json\/wp\/v2\/tags?post=307"}],"curies":[{"name":"wp","href":"https:\/\/api.w.org\/{rel}","templated":true}]}}