{"id":666,"date":"2024-12-07T15:32:08","date_gmt":"2024-12-07T15:32:08","guid":{"rendered":"https:\/\/ssc-weissenstein.ch\/?p=666"},"modified":"2024-12-07T15:32:08","modified_gmt":"2024-12-07T15:32:08","slug":"sscw-mitglieder-skitag-2","status":"publish","type":"post","link":"https:\/\/ssc-weissenstein.ch\/index.php\/2024\/12\/07\/sscw-mitglieder-skitag-2\/","title":{"rendered":"SSCW Mitglieder-Skitag"},"content":{"rendered":"\n<p>Liebe Mitglieder des SSC-Weissenstein<br>Vermutlich hat die eine oder der andere von euch bereits den ersten Schneetag hinter sich.<br>Wir auf jeden Fall freuen uns sehr, die Wintersaison bald einl\u00e4uten zu k\u00f6nnen. Vom 26. bis 31. Dezember 2024 steht das all-j\u00e4hrige Skilager mit den Kids in Elm an. Im Januar folgt dann schon der erste Vereinsanlass:<\/p>\n\n\n\n<p>Mitglieder-Skitag<br>Sofern es die Schnee- und Wetterlage zul\u00e4sst, treffen wir uns am Samstag, 11. Januar<br>2025, zum Mitglieder-Skitag und machen uns auf zum Tor der Jungfrauregion, nach<br>Grindelwald. Die wichtigsten Infos:<\/p>\n\n\n\n<figure class=\"wp-block-table\"><table><tbody><tr><td>Datum<\/td><td>11. Januar 2024<\/td><\/tr><tr><td>Treffpunkt<\/td><td>Volg, Oberdorf<\/td><\/tr><tr><td>Uhrzeit<\/td><td>7:15 Uhr<\/td><\/tr><tr><td>Mittagessen<\/td><td>Gruppenreservation im Restaurant<\/td><\/tr><tr><td>Kosten<\/td><td>Der Verein \u00fcbernimmt die Kosten der Ski-Tageskarten, die Kosten f\u00fcr Speis und Trank tragen die Teilnehmenden selber<\/td><\/tr><tr><td>Begleitung<\/td><td>Ist herzlich eingeladen, tr\u00e4gt die kosten selber<\/td><\/tr><\/tbody><\/table><\/figure>\n\n\n\n<p>Wir bitten um eine Anmeldung bis am Freitag, 3. Januar 2025. <\/p>\n\n\n\n<iframe loading=\"lazy\" src=\"https:\/\/docs.google.com\/forms\/d\/e\/1FAIpQLSciTvO_xzAfX1-zVOSBD1SrYy0WlceqKHx3yeuk6X5xpMBoow\/viewform?embedded=true\" width=\"640\" height=\"1685\" frameborder=\"0\" marginheight=\"0\" marginwidth=\"0\">Wird geladen\u2026<\/iframe>\n","protected":false},"excerpt":{"rendered":"<p>Liebe Mitglieder des SSC-WeissensteinVermutlich hat die eine oder der andere von euch bereits den ersten Schneetag hinter sich.Wir auf jeden Fall freuen uns sehr, die Wintersaison bald einl\u00e4uten zu k\u00f6nnen. Vom 26. bis 31. Dezember 2024 steht das all-j\u00e4hrige Skilager mit den Kids in Elm an. Im Januar folgt dann schon der erste Vereinsanlass: Mitglieder-SkitagSofern &hellip; <\/p>\n<p class=\"link-more\"><a href=\"https:\/\/ssc-weissenstein.ch\/index.php\/2024\/12\/07\/sscw-mitglieder-skitag-2\/\" class=\"more-link\"><span class=\"screen-reader-text\">\u201eSSCW Mitglieder-Skitag\u201c <\/span>weiterlesen<\/a><\/p>\n","protected":false},"author":1,"featured_media":0,"comment_status":"closed","ping_status":"open","sticky":false,"template":"","format":"standard","meta":{"footnotes":""},"categories":[5],"tags":[],"class_list":["post-666","post","type-post","status-publish","format-standard","hentry","category-verein"],"_links":{"self":[{"href":"https:\/\/ssc-weissenstein.ch\/index.php\/wp-json\/wp\/v2\/posts\/666","targetHints":{"allow":["GET"]}}],"collection":[{"href":"https:\/\/ssc-weissenstein.ch\/index.php\/wp-json\/wp\/v2\/posts"}],"about":[{"href":"https:\/\/ssc-weissenstein.ch\/index.php\/wp-json\/wp\/v2\/types\/post"}],"author":[{"embeddable":true,"href":"https:\/\/ssc-weissenstein.ch\/index.php\/wp-json\/wp\/v2\/users\/1"}],"replies":[{"embeddable":true,"href":"https:\/\/ssc-weissenstein.ch\/index.php\/wp-json\/wp\/v2\/comments?post=666"}],"version-history":[{"count":1,"href":"https:\/\/ssc-weissenstein.ch\/index.php\/wp-json\/wp\/v2\/posts\/666\/revisions"}],"predecessor-version":[{"id":667,"href":"https:\/\/ssc-weissenstein.ch\/index.php\/wp-json\/wp\/v2\/posts\/666\/revisions\/667"}],"wp:attachment":[{"href":"https:\/\/ssc-weissenstein.ch\/index.php\/wp-json\/wp\/v2\/media?parent=666"}],"wp:term":[{"taxonomy":"category","embeddable":true,"href":"https:\/\/ssc-weissenstein.ch\/index.php\/wp-json\/wp\/v2\/categories?post=666"},{"taxonomy":"post_tag","embeddable":true,"href":"https:\/\/ssc-weissenstein.ch\/index.php\/wp-json\/wp\/v2\/tags?post=666"}],"curies":[{"name":"wp","href":"https:\/\/api.w.org\/{rel}","templated":true}]}}