{"id":802,"date":"2025-12-04T13:44:13","date_gmt":"2025-12-04T13:44:13","guid":{"rendered":"https:\/\/ssc-weissenstein.ch\/?p=802"},"modified":"2025-12-04T13:44:13","modified_gmt":"2025-12-04T13:44:13","slug":"sscw-mitglieder-skitag-2026","status":"publish","type":"post","link":"https:\/\/ssc-weissenstein.ch\/index.php\/2025\/12\/04\/sscw-mitglieder-skitag-2026\/","title":{"rendered":"SSCW Mitglieder-Skitag 2026"},"content":{"rendered":"\n<p>Liebe Mitglieder des SSC-Weissenstein<\/p>\n\n\n\n<p>Der Winter steht vor der T\u00fcr! Wir starten die Saison wie gewohnt mit unserem Skilager f\u00fcr<br>die Kids in Elm vom 26. Dezember 2025 bis 31. Dezember 2025.<br>Im neuen Jahr m\u00f6chten wir gemeinsam mit euch einen tollen Tag auf der Piste verbringen.<br>Daher planen wir am Samstag, 11. Januar 2026 \u2013 sofern Schnee und Wetter mitspielen \u2013<br>unseren Mitglieder-Skitag in Grindelwald, dem Tor zur Jungfrauregion.<br>Die wichtigsten Infos:<br><\/p>\n\n\n\n<figure class=\"wp-block-table\"><table class=\"has-fixed-layout\"><tbody><tr><td>Treffpunkt:<\/td><td>7.15 Uhr beim Volg in Oberdorf<\/td><\/tr><tr><td>Mittagessen:<\/td><td>Gruppenreservation im Restaurant anhand Anmeldung<\/td><\/tr><tr><td>Reise:<\/td><td>Aufteilung in Privatfahrzeuge anhand Anmeldung<\/td><\/tr><tr><td>R\u00fcckreise:<\/td><td>16.45 Uhr ab Talstation, Ankunft beim Volg in Oberdorf ca. um 18.15 Uhr<\/td><\/tr><tr><td>Kosten:<\/td><td>Der Verein \u00fcbernimmt die Kosten der Ski-Tageskarten,<br>die Kosten f\u00fcr Speis und Trank tragen die Teilnehmenden selbst<\/td><\/tr><tr><td>Begleitung:<\/td><td>Ist herzlich eingeladen, tr\u00e4gt die Kosten selbst<\/td><\/tr><tr><td>Mitnehmen:<\/td><td>Komplette Ski- oder Snowboardausr\u00fcstung (inkl. Helm), Sonnencreme,<br>Geld f\u00fcr das Mittagessen<\/td><\/tr><\/tbody><\/table><\/figure>\n\n\n\n<p>Wir freuen uns auf einen grossartigen Tag mit euch.<\/p>\n\n\n\n<iframe loading=\"lazy\" src=\"https:\/\/docs.google.com\/forms\/d\/e\/1FAIpQLSdQpcjBmf3PBgvS80Bpkp7yKv7owdC6biPpSvA_S7AGHN1CWQ\/viewform?embedded=true\" width=\"640\" height=\"1721\" frameborder=\"0\" marginheight=\"0\" marginwidth=\"0\">Wird geladen\u2026<\/iframe>\n","protected":false},"excerpt":{"rendered":"<p>Liebe Mitglieder des SSC-Weissenstein Der Winter steht vor der T\u00fcr! Wir starten die Saison wie gewohnt mit unserem Skilager f\u00fcrdie Kids in Elm vom 26. Dezember 2025 bis 31. Dezember 2025.Im neuen Jahr m\u00f6chten wir gemeinsam mit euch einen tollen Tag auf der Piste verbringen.Daher planen wir am Samstag, 11. Januar 2026 \u2013 sofern Schnee &hellip; <\/p>\n<p class=\"link-more\"><a href=\"https:\/\/ssc-weissenstein.ch\/index.php\/2025\/12\/04\/sscw-mitglieder-skitag-2026\/\" class=\"more-link\"><span class=\"screen-reader-text\">\u201eSSCW Mitglieder-Skitag 2026\u201c <\/span>weiterlesen<\/a><\/p>\n","protected":false},"author":1,"featured_media":0,"comment_status":"closed","ping_status":"open","sticky":false,"template":"","format":"standard","meta":{"footnotes":""},"categories":[1,5],"tags":[18,15],"class_list":["post-802","post","type-post","status-publish","format-standard","hentry","category-uncategorized","category-verein","tag-mitglieder","tag-skitag"],"_links":{"self":[{"href":"https:\/\/ssc-weissenstein.ch\/index.php\/wp-json\/wp\/v2\/posts\/802","targetHints":{"allow":["GET"]}}],"collection":[{"href":"https:\/\/ssc-weissenstein.ch\/index.php\/wp-json\/wp\/v2\/posts"}],"about":[{"href":"https:\/\/ssc-weissenstein.ch\/index.php\/wp-json\/wp\/v2\/types\/post"}],"author":[{"embeddable":true,"href":"https:\/\/ssc-weissenstein.ch\/index.php\/wp-json\/wp\/v2\/users\/1"}],"replies":[{"embeddable":true,"href":"https:\/\/ssc-weissenstein.ch\/index.php\/wp-json\/wp\/v2\/comments?post=802"}],"version-history":[{"count":1,"href":"https:\/\/ssc-weissenstein.ch\/index.php\/wp-json\/wp\/v2\/posts\/802\/revisions"}],"predecessor-version":[{"id":803,"href":"https:\/\/ssc-weissenstein.ch\/index.php\/wp-json\/wp\/v2\/posts\/802\/revisions\/803"}],"wp:attachment":[{"href":"https:\/\/ssc-weissenstein.ch\/index.php\/wp-json\/wp\/v2\/media?parent=802"}],"wp:term":[{"taxonomy":"category","embeddable":true,"href":"https:\/\/ssc-weissenstein.ch\/index.php\/wp-json\/wp\/v2\/categories?post=802"},{"taxonomy":"post_tag","embeddable":true,"href":"https:\/\/ssc-weissenstein.ch\/index.php\/wp-json\/wp\/v2\/tags?post=802"}],"curies":[{"name":"wp","href":"https:\/\/api.w.org\/{rel}","templated":true}]}}