{"id":829,"date":"2026-01-06T19:08:57","date_gmt":"2026-01-06T19:08:57","guid":{"rendered":"https:\/\/ssc-weissenstein.ch\/?p=829"},"modified":"2026-01-06T19:08:57","modified_gmt":"2026-01-06T19:08:57","slug":"skilager-2025","status":"publish","type":"post","link":"https:\/\/ssc-weissenstein.ch\/index.php\/2026\/01\/06\/skilager-2025\/","title":{"rendered":"Skilager 2025"},"content":{"rendered":"\n<h2 class=\"wp-block-heading\"><strong>Skilager Elm 2025: Stimmung schl\u00e4gt Schneemangel!<\/strong><\/h2>\n\n\n\n<p>Vom 26. bis 31. Dezember 2025 verbrachte der Ski Club Weissenstein seine traditionelle Lagerwoche in Elm. Die \u00e4usseren Bedingungen stellten uns dieses Jahr auf die Probe: Frau Holle war sparsam, und es stand uns lediglich eine offene Piste zur Verf\u00fcgung.<\/p>\n\n\n\n<p>Doch wer den Ski Club Weissenstein kennt, weiss: Wir machen das Beste daraus! Der Schneemangel tat der guten Laune keinen Abbruch. Im Gegenteil, das Lager war ein voller Erfolg. Mit viel Kreativit\u00e4t, Gemeinschaftssinn und Begeisterung wurde die Woche f\u00fcr alle Teilnehmer zu einem tollen Erlebnis. Es hat sich wieder einmal gezeigt, dass nicht die Pistenkilometer z\u00e4hlen, sondern die Menschen, mit denen man sie f\u00e4hrt.<\/p>\n\n\n\n<p>Ein grosses Dankesch\u00f6n an alle, die dabei waren und dieses Lager unvergesslich gemacht haben!<\/p>\n\n\n\n<p>Ein ganz besonderer Dank geb\u00fchrt zudem unseren Lagersponsoren. Ohne eure grossz\u00fcgige Unterst\u00fctzung w\u00e4re diese Woche nicht m\u00f6glich gewesen:<\/p>\n\n\n\n<figure class=\"wp-block-table\"><table><tbody><tr><td><strong>Lagersponsoren 2025<\/strong><\/td><\/tr><tr><td>Branger Architekten AG<\/td><\/tr><tr><td>Gemeinde Oberdorf<\/td><\/tr><tr><td>Raiffeisenbank Weissenstein<\/td><\/tr><tr><td>Ypsomed AG<\/td><\/tr><tr><td>Fraisa SA<\/td><\/tr><tr><td>bodenMobilia<\/td><\/tr><tr><td>Volg<\/td><\/tr><tr><td>Schneiter AG<\/td><\/tr><tr><td>St\u00f6ckli Swiss Sports AG<\/td><\/tr><tr><td>Mach Ski<\/td><\/tr><tr><td>Sponser<\/td><\/tr><tr><td>Coop<\/td><\/tr><tr><td>HAE wear<\/td><\/tr><\/tbody><\/table><\/figure>\n","protected":false},"excerpt":{"rendered":"<p>Skilager Elm 2025: Stimmung schl\u00e4gt Schneemangel! Vom 26. bis 31. Dezember 2025 verbrachte der Ski Club Weissenstein seine traditionelle Lagerwoche in Elm. Die \u00e4usseren Bedingungen stellten uns dieses Jahr auf die Probe: Frau Holle war sparsam, und es stand uns lediglich eine offene Piste zur Verf\u00fcgung. Doch wer den Ski Club Weissenstein kennt, weiss: Wir &hellip; <\/p>\n<p class=\"link-more\"><a href=\"https:\/\/ssc-weissenstein.ch\/index.php\/2026\/01\/06\/skilager-2025\/\" class=\"more-link\"><span class=\"screen-reader-text\">\u201eSkilager 2025\u201c <\/span>weiterlesen<\/a><\/p>\n","protected":false},"author":1,"featured_media":0,"comment_status":"closed","ping_status":"open","sticky":false,"template":"","format":"standard","meta":{"footnotes":""},"categories":[14,5],"tags":[28,23,27],"class_list":["post-829","post","type-post","status-publish","format-standard","hentry","category-lager","category-verein","tag-elm","tag-skilager","tag-sponsoren"],"_links":{"self":[{"href":"https:\/\/ssc-weissenstein.ch\/index.php\/wp-json\/wp\/v2\/posts\/829","targetHints":{"allow":["GET"]}}],"collection":[{"href":"https:\/\/ssc-weissenstein.ch\/index.php\/wp-json\/wp\/v2\/posts"}],"about":[{"href":"https:\/\/ssc-weissenstein.ch\/index.php\/wp-json\/wp\/v2\/types\/post"}],"author":[{"embeddable":true,"href":"https:\/\/ssc-weissenstein.ch\/index.php\/wp-json\/wp\/v2\/users\/1"}],"replies":[{"embeddable":true,"href":"https:\/\/ssc-weissenstein.ch\/index.php\/wp-json\/wp\/v2\/comments?post=829"}],"version-history":[{"count":2,"href":"https:\/\/ssc-weissenstein.ch\/index.php\/wp-json\/wp\/v2\/posts\/829\/revisions"}],"predecessor-version":[{"id":836,"href":"https:\/\/ssc-weissenstein.ch\/index.php\/wp-json\/wp\/v2\/posts\/829\/revisions\/836"}],"wp:attachment":[{"href":"https:\/\/ssc-weissenstein.ch\/index.php\/wp-json\/wp\/v2\/media?parent=829"}],"wp:term":[{"taxonomy":"category","embeddable":true,"href":"https:\/\/ssc-weissenstein.ch\/index.php\/wp-json\/wp\/v2\/categories?post=829"},{"taxonomy":"post_tag","embeddable":true,"href":"https:\/\/ssc-weissenstein.ch\/index.php\/wp-json\/wp\/v2\/tags?post=829"}],"curies":[{"name":"wp","href":"https:\/\/api.w.org\/{rel}","templated":true}]}}